{"id":337,"date":"2008-10-12T20:09:09","date_gmt":"2008-10-12T19:09:09","guid":{"rendered":"http:\/\/blog.roteskreuz.at\/einsatz\/?p=337"},"modified":"2008-10-12T20:09:09","modified_gmt":"2008-10-12T19:09:09","slug":"337","status":"publish","type":"post","link":"https:\/\/blogneu.roteskreuz.at\/einsatz\/2008\/10\/12\/337\/","title":{"rendered":"Field-Trip"},"content":{"rendered":"<p>Zur\u00fcck vom viert\u00e4gigen Field-Trip. Nach vier heissen Tagen und den etwas d\u00fcrftigen Quartieren in Gonaives ist die Unterkunft in Port au Prince fast wie nach hause kommen. Immerhin haben wir einiges erreicht, und die geplanten Aktivit\u00e4ten erf\u00fcllt:<\/p>\n<p>Der Repeater f\u00fcr Kanal 9 in Builboro in den Bergen n\u00f6rdlich von Gonaives ist wieder up and running. Der Antennenmast hat den St\u00fcrmen nicht standgehalten, war geknickt, bzw auch durch den Sturz verbogen. Da wir im Moment keinen weiteren Mast haben, schneiden wir nur das geknickte und die verbogenen Segmente heraus, und stellen den Mast &#8211; ein bisschen niedriger als vorher, aber dadurch auch stabiler &#8211; wieder auf. Die Antenne ist total zerst\u00f6rt, und mu\u00df ersetzt werden. Dann noch Wasser (Regenwasser, weil es fast so gut wie destiliertes ist) f\u00fcr die Batterien, und der Repaeter ist wieder &#8222;wie neu&#8220;.\u00a0 Der Test noch vor Ort ergibt sofort eine Reichweite von \u00fcber hundert Kilometern (mit einem Handfunkger\u00e4t, wohlgemerkt !)<br \/>\nDie &#8222;lessons learned&#8220; von diesem Standort:<\/p>\n<p>1.\u00a0 Alles, was nicht rostfrei ist, korrodiert innerhalb k\u00fcrzester Zeit.<\/p>\n<p>2.\u00a0 Lieber ein paar Meter weniger Antennenh\u00f6he, als ein gebrochener Mast.<\/p>\n<p><a href=\"http:\/\/blog.roteskreuz.at\/einsatz\/files\/2008\/10\/dsc_0784.jpg\"><img loading=\"lazy\" decoding=\"async\" class=\"aligncenter size-medium wp-image-338\" src=\"http:\/\/blog.roteskreuz.at\/einsatz\/files\/2008\/10\/dsc_0784-300x200.jpg\" alt=\"\" width=\"300\" height=\"200\" \/><\/a><\/p>\n<p style=\"text-align: center\">Auf der Fahrt nach Builboro<\/p>\n<p><a href=\"http:\/\/blog.roteskreuz.at\/einsatz\/files\/2008\/10\/dsc_07931.jpg\"><img loading=\"lazy\" decoding=\"async\" class=\"aligncenter size-medium wp-image-340\" src=\"http:\/\/blog.roteskreuz.at\/einsatz\/files\/2008\/10\/dsc_07931-300x200.jpg\" alt=\"\" width=\"300\" height=\"200\" \/><\/a><\/p>\n<p style=\"text-align: center\">Der traurige Rest der Antenne&#8230;<\/p>\n<p><a href=\"http:\/\/blog.roteskreuz.at\/einsatz\/files\/2008\/10\/dsc_0796.jpg\"><img loading=\"lazy\" decoding=\"async\" class=\"aligncenter size-medium wp-image-341\" src=\"http:\/\/blog.roteskreuz.at\/einsatz\/files\/2008\/10\/dsc_0796-300x200.jpg\" alt=\"\" width=\"300\" height=\"200\" \/><\/a><\/p>\n<p style=\"text-align: center\">Die alte Befestigung<\/p>\n<p><a href=\"http:\/\/blog.roteskreuz.at\/einsatz\/files\/2008\/10\/dsc_0809.jpg\"><img loading=\"lazy\" decoding=\"async\" class=\"aligncenter size-medium wp-image-342\" src=\"http:\/\/blog.roteskreuz.at\/einsatz\/files\/2008\/10\/dsc_0809-300x200.jpg\" alt=\"\" width=\"300\" height=\"200\" \/><\/a><\/p>\n<p><a href=\"http:\/\/blog.roteskreuz.at\/einsatz\/files\/2008\/10\/dsc_0814.jpg\"><img loading=\"lazy\" decoding=\"async\" class=\"aligncenter size-medium wp-image-343\" src=\"http:\/\/blog.roteskreuz.at\/einsatz\/files\/2008\/10\/dsc_0814-200x300.jpg\" alt=\"\" width=\"200\" height=\"300\" \/><\/a><\/p>\n<p><a href=\"http:\/\/blog.roteskreuz.at\/einsatz\/files\/2008\/10\/dsc_0830.jpg\"><img loading=\"lazy\" decoding=\"async\" class=\"aligncenter size-medium wp-image-344\" src=\"http:\/\/blog.roteskreuz.at\/einsatz\/files\/2008\/10\/dsc_0830-300x200.jpg\" alt=\"\" width=\"300\" height=\"200\" \/><\/a><\/p>\n<p>Antennenmontage und letzte Tests am Repeater durch Richard, unseren Kollegen vom Croix Rouge Haitienne. Er wird nach unserer Abreise f\u00fcr das Funknetz zust\u00e4ndig sein.<\/p>\n<p><a href=\"http:\/\/blog.roteskreuz.at\/einsatz\/files\/2008\/10\/dsc_0839.jpg\"><img loading=\"lazy\" decoding=\"async\" class=\"aligncenter size-medium wp-image-345\" src=\"http:\/\/blog.roteskreuz.at\/einsatz\/files\/2008\/10\/dsc_0839-300x200.jpg\" alt=\"\" width=\"300\" height=\"200\" \/><\/a><\/p>\n<p>N\u00e4chstes Ziel:\u00a0 Das local Office in Gonaives.<br \/>\nGonaives sieht 6 Wochen nach den Hurricanes immer noch furchtbar aus, alles ist immer noch bis zu meterhoch mit Schlamm und Schutt bedeckt, weil einfach die Transportkapazit\u00e4t fehlt, um die Schlammassen abzutransportieren. Die Stra\u00dfen stehen teilweise immer noch einen halben Meter unter Wasser, das nicht abflie\u00dft, weil die Kan\u00e4le, die unter den Stra\u00dfen verlaufen, verstopft sind.<\/p>\n<p>Im Office vom Roten Kreuz in Gonaives war der Wasserstand w\u00e4hrend des letzten Hurricanes ca. 175 Zentimeter hoch. Entsprechend traurig sieht das Funkger\u00e4t bzw. die Batterien aus. (zuerst hab ich ja gedacht, dass noch das Wasser im Fukger\u00e4t hin und her schwappt, aber in Wirklichkeit war es &#8222;nur&#8220; schon getrockneter Schlamm &#8211; ich werde in den n\u00e4chsten Tagen einmal schauen, ob ich f\u00fcr das Ger\u00e4t noch etwas tun kann, weil viele Funkger\u00e4te haben wir im Moment nicht&#8230;) Die Solar-Stromversorgung ist ebenso nicht mehr vorhanden. Das hei\u00dft: Neues Solar Modul auf dem Dach montieren (in einem m\u00f6glichst diebstahlsicheren Rahmen, denn alles, was irgendwie verwendet werden kann, ist nat\u00fcrlich sehr interessant und gef\u00e4hrdet, in einer Gegend, in der es derzeit kaum \u00f6ffentliche Stromversorgung gibt), neue Base-Station und Batterien mit Solar-Laderegler installieren, und nat\u00fcrlich die Mitarbeiter vor Ort auf das Ger\u00e4t einschulen. Da zum Gl\u00fcck die Antenne die Hurricanes \u00fcberstanden hat, ist die L\u00f6sung ein aus Stahlprofil geschwei\u00dfter Rahmen f\u00fcr die Solarzellen, mit Draht und Klemmen auf dem Dach befestigt, und mit einer Kette und einem dicken Schlo\u00df gesichert. Die Batterien mit dem Solar-Regler und das Funkger\u00e4t werde in ca 2m H\u00f6he auf einem Regal im Office montiert, in der Hoffnung, da\u00df das Wasser das n\u00e4chste Mal nicht so hoch steigt&#8230;<br \/>\nVon Gonaives k\u00f6nnen jetzt alle Repeater verwendet werden, auch die direkte Verbindung zum Federation Office und zum Radio Room des ICRC\u00a0 in Port au Prince ist sichergestellt.<\/p>\n<p><a href=\"http:\/\/blog.roteskreuz.at\/einsatz\/files\/2008\/10\/dsc_0880.jpg\"><img loading=\"lazy\" decoding=\"async\" class=\"aligncenter size-medium wp-image-346\" src=\"http:\/\/blog.roteskreuz.at\/einsatz\/files\/2008\/10\/dsc_0880-300x200.jpg\" alt=\"\" width=\"300\" height=\"200\" \/><\/a><\/p>\n<p style=\"text-align: center\">Die Stra\u00dfen von Gonaives<\/p>\n<p><a href=\"http:\/\/blog.roteskreuz.at\/einsatz\/files\/2008\/10\/dsc_0922.jpg\"><img loading=\"lazy\" decoding=\"async\" class=\"aligncenter size-medium wp-image-347\" src=\"http:\/\/blog.roteskreuz.at\/einsatz\/files\/2008\/10\/dsc_0922-300x200.jpg\" alt=\"\" width=\"300\" height=\"200\" \/><\/a><\/p>\n<p><a href=\"http:\/\/blog.roteskreuz.at\/einsatz\/files\/2008\/10\/dsc_0945.jpg\"><img loading=\"lazy\" decoding=\"async\" class=\"aligncenter size-medium wp-image-348\" src=\"http:\/\/blog.roteskreuz.at\/einsatz\/files\/2008\/10\/dsc_0945-200x300.jpg\" alt=\"\" width=\"200\" height=\"300\" \/><\/a><\/p>\n<p>Installation des Solarmodules am Dach, und das Funkger\u00e4t mit den Batterien in zwei Metern H\u00f6he.<\/p>\n<p>Auf dem R\u00fcckweg nach Port au Prince wird dann &#8211; sozusagen im Vorbeifahren &#8211; noch das local Office in St. Marc fertiggestellt. Den gr\u00f6\u00dften Teil der Arbeit haben unsere Kollegen vom ersten Team schon erledigt, indem sie auf dem neu bezogenen Geb\u00e4ude den Mast mit der Antenne aufgebaut haben. Es bleibt also nur mehr die Stromversorgung. Da sich das Office in einem bewohnten Geb\u00e4ude befindet, kann auf spezielle Sicherungsma\u00dfnahmen (siehe Gonaives) verzichtet werden. Das Solarmodul mu\u00df also &#8222;nur&#8220; gegen Hurricanes gesichert werden. Mit der hier \u00fcblichen Bauweise, die Stahlarmierungen aus dem Dach herausschauen zu lassen (f\u00fcr allf\u00e4llige weitere Stockwerke), ist das zum Gl\u00fcck kein Problem.\u00a0 Vom Office in St. Marc k\u00f6nnen nun immerhin drei der f\u00fcnf Repeater verwendet werden, der Kontakt zu den lokalen Fahrzeugen bzw. Handfunkger\u00e4ten erfolgt auf simplex Kan\u00e4len.<\/p>\n<p>Erwin<\/p>\n","protected":false},"excerpt":{"rendered":"<p>Zur\u00fcck vom viert\u00e4gigen Field-Trip. Nach vier heissen Tagen und den etwas d\u00fcrftigen Quartieren in Gonaives ist die Unterkunft in Port<\/p>\n","protected":false},"author":6,"featured_media":0,"comment_status":"open","ping_status":"open","sticky":false,"template":"","format":"standard","meta":{"_monsterinsights_skip_tracking":false,"_monsterinsights_sitenote_active":false,"_monsterinsights_sitenote_note":"","_monsterinsights_sitenote_category":0,"footnotes":""},"categories":[6],"tags":[163,185,232,349,378,392],"class_list":["post-337","post","type-post","status-publish","format-standard","hentry","category-haiti","tag-field-trip","tag-gonaives","tag-jekel","tag-repaeater","tag-solar","tag-strom"],"jetpack_featured_media_url":"","_links":{"self":[{"href":"https:\/\/blogneu.roteskreuz.at\/einsatz\/wp-json\/wp\/v2\/posts\/337","targetHints":{"allow":["GET"]}}],"collection":[{"href":"https:\/\/blogneu.roteskreuz.at\/einsatz\/wp-json\/wp\/v2\/posts"}],"about":[{"href":"https:\/\/blogneu.roteskreuz.at\/einsatz\/wp-json\/wp\/v2\/types\/post"}],"author":[{"embeddable":true,"href":"https:\/\/blogneu.roteskreuz.at\/einsatz\/wp-json\/wp\/v2\/users\/6"}],"replies":[{"embeddable":true,"href":"https:\/\/blogneu.roteskreuz.at\/einsatz\/wp-json\/wp\/v2\/comments?post=337"}],"version-history":[{"count":0,"href":"https:\/\/blogneu.roteskreuz.at\/einsatz\/wp-json\/wp\/v2\/posts\/337\/revisions"}],"wp:attachment":[{"href":"https:\/\/blogneu.roteskreuz.at\/einsatz\/wp-json\/wp\/v2\/media?parent=337"}],"wp:term":[{"taxonomy":"category","embeddable":true,"href":"https:\/\/blogneu.roteskreuz.at\/einsatz\/wp-json\/wp\/v2\/categories?post=337"},{"taxonomy":"post_tag","embeddable":true,"href":"https:\/\/blogneu.roteskreuz.at\/einsatz\/wp-json\/wp\/v2\/tags?post=337"}],"curies":[{"name":"wp","href":"https:\/\/api.w.org\/{rel}","templated":true}]}}