{"id":1,"date":"2018-08-06T10:43:03","date_gmt":"2018-08-06T08:43:03","guid":{"rendered":"https:\/\/blogneu.roteskreuz.at\/maxsantner\/?p=1"},"modified":"2018-08-06T15:01:08","modified_gmt":"2018-08-06T13:01:08","slug":"max-santner","status":"publish","type":"post","link":"https:\/\/blogneu.roteskreuz.at\/maxsantner\/2018\/08\/06\/max-santner\/","title":{"rendered":"In Erinnerung an Max Santner"},"content":{"rendered":"<blockquote><p>\u201eMein Engagement f\u00fcr die Entwicklungszusammenarbeit begann Mitte der 90er Jahre als pers\u00f6nlich logische Konsequenz aus einer mehrj\u00e4hrigen Reise- und Arbeitserfahrung in L\u00e4ndern Asiens und Afrikas\u201c, schrieb Max Santner vor einiger Zeit.<\/p><\/blockquote>\n<figure id=\"attachment_8\" aria-describedby=\"caption-attachment-8\" style=\"width: 840px\" class=\"wp-caption aligncenter\"><img loading=\"lazy\" decoding=\"async\" class=\"wp-image-8 size-large\" src=\"https:\/\/blogneu.roteskreuz.at\/maxsantner\/wp-content\/uploads\/sites\/2\/2018\/08\/Max_Santner_Trauerrand2_kleiner-1024x688.jpg\" alt=\"\" width=\"840\" height=\"564\" srcset=\"https:\/\/blogneu.roteskreuz.at\/maxsantner\/wp-content\/uploads\/sites\/2\/2018\/08\/Max_Santner_Trauerrand2_kleiner-1024x688.jpg 1024w, https:\/\/blogneu.roteskreuz.at\/maxsantner\/wp-content\/uploads\/sites\/2\/2018\/08\/Max_Santner_Trauerrand2_kleiner-300x202.jpg 300w, https:\/\/blogneu.roteskreuz.at\/maxsantner\/wp-content\/uploads\/sites\/2\/2018\/08\/Max_Santner_Trauerrand2_kleiner-768x516.jpg 768w, https:\/\/blogneu.roteskreuz.at\/maxsantner\/wp-content\/uploads\/sites\/2\/2018\/08\/Max_Santner_Trauerrand2_kleiner-1200x806.jpg 1200w, https:\/\/blogneu.roteskreuz.at\/maxsantner\/wp-content\/uploads\/sites\/2\/2018\/08\/Max_Santner_Trauerrand2_kleiner.jpg 2000w\" sizes=\"auto, (max-width: 709px) 85vw, (max-width: 909px) 67vw, (max-width: 1362px) 62vw, 840px\" \/><figcaption id=\"caption-attachment-8\" class=\"wp-caption-text\">\u201eDie Motivation, sich professionell f\u00fcr das Ziel einer globalen Gerechtigkeit zu engagieren, hat sich w\u00e4hrend meiner beruflichen Eins\u00e4tze in den vergangenen Jahren weiter verst\u00e4rkt.\u201c, so Max Santner.<\/figcaption><\/figure>\n<p>Als Delegierter des \u00d6sterreichischen Roten Kreuzes verantwortete Max Santner die Wiederaufbauprojekte des Vereins Kurier Aid Austria nach dem Tsunami in Sri Lanka. Von 2007 bis 2015 leitete er die Internationale Zusammenarbeit des \u00d6sterreichischen Roten Kreuzes. Danach zog es ihn wieder \u2013 wie es im Jargon der humanit\u00e4ren Helfer hei\u00dft \u2013 ins Feld. Nach dem schweren Erdbeben in Nepal im Jahr 2015 leitete er die Delegation der Internationalen F\u00f6deration der Rotkreuz- und Rothalbmondgesellschaften in Kathmandu. Wenige \u00d6sterreicher kannten Nepal so gut wie Max Santner. Bereits in den 90er Jahren arbeitete der Ober\u00f6sterreicher in dem gebirgigen Land, organisierte Trekkingreisen, engagierte sich in der Armutsbek\u00e4mpfung und im nachhaltigen Tourismus. Zuvor unterrichtete er an einer Linzer Schule Geographie und Sport.<\/p>\n<p>Seine letzte berufliche Station f\u00fchrte Max Santner in den S\u00fcdkaukasus. In der georgischen Hauptstadt Tiflis leitete er das B\u00fcro der Internationalen F\u00f6deration der Rotkreuz- und Rothalbmondgesellschaften.<\/p>\n<p>Sein oben zitiertes Ziel, sich f\u00fcr globale Gerechtigkeit einzusetzen, hat Max Santner mit der genau richtigen Mischung aus Idealismus und Pragmatismus verfolgt. Hemds\u00e4rmelig, wo Anpacken gefordert war, provokant, wenn es darum ging, die Diskussion \u00fcber Entwicklungszusammenarbeit und humanit\u00e4re Hilfe zu beleben und geduldig, sensibel sowie gelassen in der interkulturellen Kommunikation.<\/p>\n<p>Vergangenen Samstag verstarb der passionierte Bergsteiger und Radfahrer bei einem kurzen Urlaub in Ober\u00f6sterreich. Max Santner w\u00e4re am 20. August 64 Jahre alt geworden. Er hinterl\u00e4sst eine Frau und zwei erwachsene T\u00f6chter.<\/p>\n<p>Max wird uns als Kollege, Gespr\u00e4chspartner, Ratgeber und Freund schrecklich fehlen.<\/p>\n<hr \/>\n<p>Unterhalb dieses Beitrags k\u00f6nnen in Gedenken an Max Santner Beileidsbekundungen abgegeben werden.<\/p>\n","protected":false},"excerpt":{"rendered":"<p>\u201eMein Engagement f\u00fcr die Entwicklungszusammenarbeit begann Mitte der 90er Jahre als pers\u00f6nlich logische Konsequenz aus einer mehrj\u00e4hrigen Reise- und Arbeitserfahrung in L\u00e4ndern Asiens und Afrikas\u201c, schrieb Max Santner vor einiger Zeit. Als Delegierter des \u00d6sterreichischen Roten Kreuzes verantwortete Max Santner die Wiederaufbauprojekte des Vereins Kurier Aid Austria nach dem Tsunami in Sri Lanka. Von 2007 &hellip; <a href=\"https:\/\/blogneu.roteskreuz.at\/maxsantner\/2018\/08\/06\/max-santner\/\" class=\"more-link\"><span class=\"screen-reader-text\">\u201eIn Erinnerung an Max Santner\u201c<\/span> weiterlesen<\/a><\/p>\n","protected":false},"author":1,"featured_media":0,"comment_status":"open","ping_status":"open","sticky":false,"template":"","format":"standard","meta":{"_monsterinsights_skip_tracking":false,"_monsterinsights_sitenote_active":false,"_monsterinsights_sitenote_note":"","_monsterinsights_sitenote_category":0,"footnotes":""},"categories":[1],"tags":[],"class_list":["post-1","post","type-post","status-publish","format-standard","hentry","category-allgemein"],"jetpack_featured_media_url":"","_links":{"self":[{"href":"https:\/\/blogneu.roteskreuz.at\/maxsantner\/wp-json\/wp\/v2\/posts\/1","targetHints":{"allow":["GET"]}}],"collection":[{"href":"https:\/\/blogneu.roteskreuz.at\/maxsantner\/wp-json\/wp\/v2\/posts"}],"about":[{"href":"https:\/\/blogneu.roteskreuz.at\/maxsantner\/wp-json\/wp\/v2\/types\/post"}],"author":[{"embeddable":true,"href":"https:\/\/blogneu.roteskreuz.at\/maxsantner\/wp-json\/wp\/v2\/users\/1"}],"replies":[{"embeddable":true,"href":"https:\/\/blogneu.roteskreuz.at\/maxsantner\/wp-json\/wp\/v2\/comments?post=1"}],"version-history":[{"count":7,"href":"https:\/\/blogneu.roteskreuz.at\/maxsantner\/wp-json\/wp\/v2\/posts\/1\/revisions"}],"predecessor-version":[{"id":20,"href":"https:\/\/blogneu.roteskreuz.at\/maxsantner\/wp-json\/wp\/v2\/posts\/1\/revisions\/20"}],"wp:attachment":[{"href":"https:\/\/blogneu.roteskreuz.at\/maxsantner\/wp-json\/wp\/v2\/media?parent=1"}],"wp:term":[{"taxonomy":"category","embeddable":true,"href":"https:\/\/blogneu.roteskreuz.at\/maxsantner\/wp-json\/wp\/v2\/categories?post=1"},{"taxonomy":"post_tag","embeddable":true,"href":"https:\/\/blogneu.roteskreuz.at\/maxsantner\/wp-json\/wp\/v2\/tags?post=1"}],"curies":[{"name":"wp","href":"https:\/\/api.w.org\/{rel}","templated":true}]}}