{"id":25,"date":"2007-11-15T13:58:06","date_gmt":"2007-11-15T11:58:06","guid":{"rendered":"http:\/\/blog.roteskreuz.at\/sociologist\/2007\/11\/15\/npos-im-web-20\/"},"modified":"2007-11-15T13:58:06","modified_gmt":"2007-11-15T11:58:06","slug":"npos-im-web-20","status":"publish","type":"post","link":"https:\/\/blogneu.roteskreuz.at\/sociologist\/2007\/11\/15\/npos-im-web-20\/","title":{"rendered":"NPOs im Web 2.0"},"content":{"rendered":"<blockquote><p>Die Binnenorientierung von Nonprofits und ihr defensives Management halte ich auch f\u00fcr sehr problematisch. Entsprechend zur\u00fcckhaltend sind Sozialeinrichtungen, wenn es darum geht, Web 2.0 &#8211; Tools zu nutzen und sich &#8211; damit einhergehend &#8211; nach au\u00dfen hin zu \u00f6ffnen. McQuillan zitiert die Klagen von internetkundigen NPO-Mitarbeitern, die sich freuen w\u00fcrden, wenn ihre Organisation endlich den Anschluss ans digitale Zeitalter f\u00e4nde.\u00a0das schreibt Dr. Brigitte Reiser in ihrem Blog <a href=\"http:\/\/nonprofits-vernetzt.de\/blog\/index.php\/are-charities-broken\/\">nonprofits-vernetzt.de<\/a>. Andere Beitr\u00e4ge der Autorin Handeln von Usability und generell von der (online) Vernetzung von Charities.<\/p><\/blockquote>\n<p>Ich denke, dass die &#8222;Binnenorientierung&#8220; eines der Merkmale von Organisationen ist, die sich nicht der &#8222;Profitmaximierung&#8220; als Steuerungs- und Zieldefinition der FPOs hingeben. Je nach Aufgabenfeld und Organisationsform der Organisation tritt immer eine gewisse Entkopplung vom Umfeld ein, genau das macht ja den Organisationsgrad aus. Zudem gibt es, gerade in demokratisch organisierten Institutionen immer wieder Definitionsprobleme, was die strategische Ausrichtung und den Aufgabenumfang angeht. Diese Unsch\u00e4rfen machen auf der einen Seite oft den Charakter der Sozialinstitution aus, liefern auf der anderen Seite daf\u00fcr extrem viel Reibungsfl\u00e4che, um sich wieder mit sich selbst zu besch\u00e4ftigen.<\/p>\n<p><strong>Ist nun das <a href=\"http:\/\/radar.oreilly.com\/tim\/\">Web2.0 von Tim O&#8217;Reilly<\/a> die L\u00f6sung f\u00fcr diese Problemkreise?<\/strong><\/p>\n<p>Ich denke nicht, denn Organisationen, die proaktiv nach au\u00dfen gehen haben im Web (oder web2.0) ihre Heimat bereits gefunden. Andere Organisationsformen &#8211; speziell stark hierarchische &#8211; tun sich mit dieser Art der egalit\u00e4ren Kommunikation schwerer. Es gibt zudem einige Prozesse, die mittels egalit\u00e4rer und Ergebnis- bzw. Inhaltsoffener Kommunikation in einigen Organisationsformen nicht abzubilden sind. Beispielsweise der klassische &#8222;<a href=\"http:\/\/de.wikipedia.org\/wiki\/Milit%C3%A4rischer_Befehl\">Befehl<\/a>&#8220; im Sinne eines komplexen formalistischen Arbeitsauftrags in einer hierarchischen und eindeutigen Struktur.<\/p>\n<p>Genauso, wie politische Probleme auch politische L\u00f6sungen brauchen, die nicht von humanit\u00e4ren Organisationen geliefert werden k\u00f6nnen, verlangen Managementprobleme auch L\u00f6sungen im Management &#8211; die simple Technik, oder das Schlagwort &#8222;web2.0&#8220; allein kann da als ein (kleines) Toolsegment im gesamten Kommunikationsmix wenig helfen.<\/p>\n","protected":false},"excerpt":{"rendered":"<p>Die Binnenorientierung von Nonprofits und ihr defensives Management halte ich auch f\u00fcr sehr problematisch. Entsprechend zur\u00fcckhaltend sind Sozialeinrichtungen, wenn es darum geht, Web 2.0 &#8211; Tools zu nutzen und sich &#8211; damit einhergehend &#8211; nach<\/p>\n","protected":false},"author":1,"featured_media":0,"comment_status":"open","ping_status":"open","sticky":false,"template":"","format":"standard","meta":{"_monsterinsights_skip_tracking":false,"_monsterinsights_sitenote_active":false,"_monsterinsights_sitenote_note":"","_monsterinsights_sitenote_category":0,"footnotes":""},"categories":[1,3,17,26,27],"tags":[],"class_list":["post-25","post","type-post","status-publish","format-standard","hentry","category-allgemein","category-blogs","category-organisation","category-theorie","category-web20"],"jetpack_featured_media_url":"","_links":{"self":[{"href":"https:\/\/blogneu.roteskreuz.at\/sociologist\/wp-json\/wp\/v2\/posts\/25","targetHints":{"allow":["GET"]}}],"collection":[{"href":"https:\/\/blogneu.roteskreuz.at\/sociologist\/wp-json\/wp\/v2\/posts"}],"about":[{"href":"https:\/\/blogneu.roteskreuz.at\/sociologist\/wp-json\/wp\/v2\/types\/post"}],"author":[{"embeddable":true,"href":"https:\/\/blogneu.roteskreuz.at\/sociologist\/wp-json\/wp\/v2\/users\/1"}],"replies":[{"embeddable":true,"href":"https:\/\/blogneu.roteskreuz.at\/sociologist\/wp-json\/wp\/v2\/comments?post=25"}],"version-history":[{"count":0,"href":"https:\/\/blogneu.roteskreuz.at\/sociologist\/wp-json\/wp\/v2\/posts\/25\/revisions"}],"wp:attachment":[{"href":"https:\/\/blogneu.roteskreuz.at\/sociologist\/wp-json\/wp\/v2\/media?parent=25"}],"wp:term":[{"taxonomy":"category","embeddable":true,"href":"https:\/\/blogneu.roteskreuz.at\/sociologist\/wp-json\/wp\/v2\/categories?post=25"},{"taxonomy":"post_tag","embeddable":true,"href":"https:\/\/blogneu.roteskreuz.at\/sociologist\/wp-json\/wp\/v2\/tags?post=25"}],"curies":[{"name":"wp","href":"https:\/\/api.w.org\/{rel}","templated":true}]}}